{"id":2104,"date":"2026-04-30T20:35:44","date_gmt":"2026-04-30T20:35:44","guid":{"rendered":"https:\/\/festivalmorelia.mx\/blog\/?p=2104"},"modified":"2026-04-30T20:35:45","modified_gmt":"2026-04-30T20:35:45","slug":"el-festival-de-musica-de-morelia-presenta-la-imagen-oficial-de-su-edicion-38-dedicada-a-asia","status":"publish","type":"post","link":"https:\/\/festivalmorelia.mx\/blog\/el-festival-de-musica-de-morelia-presenta-la-imagen-oficial-de-su-edicion-38-dedicada-a-asia\/","title":{"rendered":"El Festival de M\u00fasica de Morelia presenta la imagen oficial de su edici\u00f3n 38, dedicada a Asia"},"content":{"rendered":"\n<p>El Festival de M\u00fasica de Morelia (FMM) revela la imagen oficial de su Edici\u00f3n 38, una propuesta visual que acompa\u00f1ar\u00e1 esta nueva etapa del festival, dedicada a Asia como eje tem\u00e1tico.<\/p>\n\n\n\n<p>Tras un proceso de deliberaci\u00f3n, se seleccion\u00f3 una imagen que destaca por su capacidad de traducir, desde lo visual, la riqueza cultural, est\u00e9tica y simb\u00f3lica del continente asi\u00e1tico, integrando elementos que dialogan con la identidad del festival.<\/p>\n\n\n\n<p>Esta imagen no solo representa la esencia de la edici\u00f3n, sino que marca el inicio de la narrativa visual que acompa\u00f1ar\u00e1 las actividades, conciertos y experiencias que conformar\u00e1n la programaci\u00f3n de este a\u00f1o.<\/p>\n\n\n\n<p>El Festival de M\u00fasica de Morelia reafirma as\u00ed su compromiso con la promoci\u00f3n art\u00edstica y el impulso al talento creativo, generando espacios de encuentro entre culturas a trav\u00e9s de la m\u00fasica y las artes visuales.<\/p>\n\n\n\n<p>En pr\u00f3ximos d\u00edas se dar\u00e1n a conocer m\u00e1s detalles sobre el concepto de la imagen, el proceso creativo y la dise\u00f1adora responsable de esta propuesta.<\/p>\n\n\n\n<figure class=\"wp-block-image size-large\"><img loading=\"lazy\" decoding=\"async\" width=\"724\" height=\"1024\" src=\"https:\/\/festivalmorelia.mx\/blog\/wp-content\/uploads\/2026\/04\/WhatsApp-Image-2026-04-30-at-2.26.29-PM-724x1024.jpeg\" alt=\"\" class=\"wp-image-2105\" srcset=\"https:\/\/festivalmorelia.mx\/blog\/wp-content\/uploads\/2026\/04\/WhatsApp-Image-2026-04-30-at-2.26.29-PM-724x1024.jpeg 724w, https:\/\/festivalmorelia.mx\/blog\/wp-content\/uploads\/2026\/04\/WhatsApp-Image-2026-04-30-at-2.26.29-PM-212x300.jpeg 212w, https:\/\/festivalmorelia.mx\/blog\/wp-content\/uploads\/2026\/04\/WhatsApp-Image-2026-04-30-at-2.26.29-PM-768x1086.jpeg 768w, https:\/\/festivalmorelia.mx\/blog\/wp-content\/uploads\/2026\/04\/WhatsApp-Image-2026-04-30-at-2.26.29-PM-1087x1536.jpeg 1087w, https:\/\/festivalmorelia.mx\/blog\/wp-content\/uploads\/2026\/04\/WhatsApp-Image-2026-04-30-at-2.26.29-PM-1449x2048.jpeg 1449w, https:\/\/festivalmorelia.mx\/blog\/wp-content\/uploads\/2026\/04\/WhatsApp-Image-2026-04-30-at-2.26.29-PM.jpeg 1811w\" sizes=\"auto, (max-width: 724px) 100vw, 724px\" \/><\/figure>\n","protected":false},"excerpt":{"rendered":"<p>El Festival de M\u00fasica de Morelia (FMM) revela la imagen oficial de su Edici\u00f3n 38, una propuesta visual que acompa\u00f1ar\u00e1 esta nueva etapa del festival, dedicada a Asia como eje tem\u00e1tico. Tras un proceso de deliberaci\u00f3n, se seleccion\u00f3 una imagen que destaca por su capacidad de traducir, desde lo visual, la riqueza cultural, est\u00e9tica y [&hellip;]<\/p>\n","protected":false},"author":2,"featured_media":2105,"comment_status":"closed","ping_status":"closed","sticky":false,"template":"","format":"standard","meta":{"_coblocks_attr":"","_coblocks_dimensions":"","_coblocks_responsive_height":"","_coblocks_accordion_ie_support":"","footnotes":""},"categories":[3],"tags":[],"class_list":["post-2104","post","type-post","status-publish","format-standard","has-post-thumbnail","hentry","category-notas"],"_links":{"self":[{"href":"https:\/\/festivalmorelia.mx\/blog\/wp-json\/wp\/v2\/posts\/2104","targetHints":{"allow":["GET"]}}],"collection":[{"href":"https:\/\/festivalmorelia.mx\/blog\/wp-json\/wp\/v2\/posts"}],"about":[{"href":"https:\/\/festivalmorelia.mx\/blog\/wp-json\/wp\/v2\/types\/post"}],"author":[{"embeddable":true,"href":"https:\/\/festivalmorelia.mx\/blog\/wp-json\/wp\/v2\/users\/2"}],"replies":[{"embeddable":true,"href":"https:\/\/festivalmorelia.mx\/blog\/wp-json\/wp\/v2\/comments?post=2104"}],"version-history":[{"count":1,"href":"https:\/\/festivalmorelia.mx\/blog\/wp-json\/wp\/v2\/posts\/2104\/revisions"}],"predecessor-version":[{"id":2106,"href":"https:\/\/festivalmorelia.mx\/blog\/wp-json\/wp\/v2\/posts\/2104\/revisions\/2106"}],"wp:featuredmedia":[{"embeddable":true,"href":"https:\/\/festivalmorelia.mx\/blog\/wp-json\/wp\/v2\/media\/2105"}],"wp:attachment":[{"href":"https:\/\/festivalmorelia.mx\/blog\/wp-json\/wp\/v2\/media?parent=2104"}],"wp:term":[{"taxonomy":"category","embeddable":true,"href":"https:\/\/festivalmorelia.mx\/blog\/wp-json\/wp\/v2\/categories?post=2104"},{"taxonomy":"post_tag","embeddable":true,"href":"https:\/\/festivalmorelia.mx\/blog\/wp-json\/wp\/v2\/tags?post=2104"}],"curies":[{"name":"wp","href":"https:\/\/api.w.org\/{rel}","templated":true}]}}